{"id":1554,"date":"2022-10-16T12:17:11","date_gmt":"2022-10-16T15:17:11","guid":{"rendered":"https:\/\/fundacioncollahuasi.cl\/web\/?p=1554"},"modified":"2022-10-16T12:23:08","modified_gmt":"2022-10-16T15:23:08","slug":"a-nuestros-docentes","status":"publish","type":"post","link":"https:\/\/fundacioncollahuasi.cl\/web\/a-nuestros-docentes\/","title":{"rendered":"A NUESTROS DOCENTES"},"content":{"rendered":"\n<p class=\"has-black-color has-text-color\">Para Collahuasi y su Fundaci\u00f3n Educacional, las nuevas generaciones son el elemento m\u00e1s importante y constituyen la clave para el desarrollo de una sociedad mejor y mayores oportunidades. Por ello, la compa\u00f1\u00eda se proyecta en la formaci\u00f3n de j\u00f3venes con valores como el respeto, honestidad, responsabilidad, seguridad, reconocimiento y pasi\u00f3n por conocer el mundo laboral de una operaci\u00f3n minera de alta exigencia.<\/p>\n\n\n\n<p class=\"has-black-color has-text-color\">Pero nada de esto ser\u00eda posible en nuestros Liceos, sin el apoyo y compromiso de cada uno de los docentes que en su jornada diaria acompa\u00f1an a nuestros ni\u00f1os y j\u00f3venes, entreg\u00e1ndoles herramientas y buscando instalar buenas pr\u00e1cticas educacionales, con perspectiva de desarrollo integral para los estudiantes.<\/p>\n\n\n\n<p class=\"has-black-color has-text-color\">Nuestros profesores son un ejemplo e inspiraci\u00f3n. No se conforman con preparar una clase o revisar las evaluaciones. Cada uno de ellos se ha enfocado en la profesionalizaci\u00f3n docente, un compromiso que el maestro adquiere desde su formaci\u00f3n inicial y posteriormente durante su desempe\u00f1o laboral. Sin duda, aspectos que promueven el desarrollo de la eficiencia y la eficacia para engrandecer las capacidades requeridas en el trabajo educativo.<\/p>\n\n\n\n<p class=\"has-black-color has-text-color\">No olvidemos que la figura del docente es important\u00edsima en todas las sociedades, puesto que en ellas y ellos confiamos una parte fundamental de la educaci\u00f3n de nuestros hijos. Todos recordamos a alg\u00fan profesor o profesora de aula, quien marc\u00f3 nuestra vida porque aprendimos mucho m\u00e1s que una materia escolar. Tienen un papel clave en el desarrollo integral de las ni\u00f1as y ni\u00f1os, m\u00e1s all\u00e1 de ense\u00f1arles a sumar, leer o escribir.<\/p>\n\n\n\n<p class=\"has-black-color has-text-color\">A todos ustedes, en el D\u00eda del Profesor, les agradecemos su compromiso, entrega y cari\u00f1o por trabajar con pasi\u00f3n y excelencia para construir una sociedad mejor.<\/p>\n\n\n\n<p class=\"has-black-color has-text-color\"><strong>C\u00e9sar Gavil\u00e1n Navarro<\/strong><\/p>\n\n\n\n<p class=\"has-black-color has-text-color\"><strong>Director Ejecutivo<\/strong><\/p>\n\n\n\n<p class=\"has-black-color has-text-color\"><strong>Fundaci\u00f3n Educacional Collahuasi<\/strong><\/p>\n\n\n\n<p class=\"has-black-color has-text-color\"><strong>Fabiola y V\u00edctor<\/strong><\/p>\n\n\n\n<p class=\"has-black-color has-text-color\"><strong>\u201cNuestro compromiso est\u00e1 en contribuir a que los estudiantes puedan alcanzar sus metas\u201d.<\/strong><\/p>\n\n\n\n<p class=\"has-black-color has-text-color\">Fabiola Tapia (35) y V\u00edctor Zamora (34) son iquique\u00f1os y profesores de ingl\u00e9s del Liceo Bicentenario Minero S.S. Juan Pablo II de Alto Hospicio, establecimiento coadministrado por la Municipalidad, SNA Educa y la Fundaci\u00f3n Educacional Collahuasi.<\/p>\n\n\n\n<p class=\"has-black-color has-text-color\">Ambos participaron del programa SUSI 2018 y 2019, siendo seleccionados este a\u00f1o para cursar una pasant\u00eda en Atenas (Grecia). Adem\u00e1s, los dos docentes representar\u00e1n a Chile, ya que son los \u00fanicos a nivel nacional que se adjudicaron el programa.<\/p>\n\n\n\n<p class=\"has-black-color has-text-color\">Fabiola ejerce desde hace seis a\u00f1os en el liceo y afirma que su experiencia \u201cha sido grata y de mucho crecimiento. Agradezco contar con el apoyo constante de mis directivos, que ha permitido mi desarrollo profesional. Trabajar en un lugar donde se valora al docente y se nos permite implementar proyectos, capacitarnos, perfeccionarnos y desenvolvernos en un ambiente c\u00e1lido con otros profesionales de excelencia, es algo que no se vive en todos los establecimientos educacionales\u201d.<\/p>\n\n\n\n<p class=\"has-black-color has-text-color\">Por otro lado, V\u00edctor se desempe\u00f1a en el liceo desde 2014 y sostiene que el principal compromiso con la docencia est\u00e1 orientado en \u201ccontribuir a que los estudiantes puedan alcanzar sus metas, rompiendo con la vulnerabilidad que muchas veces les afecta en lo social y emocional. Es poder entregarles posibilidades de \u00e9xito en todo lo que se propongan y que aporte al desarrollo de sus vidas, adem\u00e1s de buscar oportunidades que potencien su formaci\u00f3n curricular, emocional y val\u00f3rica\u201d.<\/p>\n\n\n\n<p class=\"has-black-color has-text-color\">La pasant\u00eda a Grecia se extender\u00e1 por dos semanas, donde se capacitar\u00e1n en la ense\u00f1anza del idioma ingl\u00e9s como segunda lengua y podr\u00e1n intercambiar pr\u00e1cticas docentes exitosas con profesores de los cinco continentes. Este encuentro es una instancia de enriquecimiento cultural, que demuestra las ganas de estos profesores por seguir creciendo para formar a j\u00f3venes con un mejor futuro para las familias hospicianas.<\/p>\n\n\n\n<p class=\"has-black-color has-text-color\"><strong>Fernanda y Salvador<\/strong><\/p>\n\n\n\n<p class=\"has-black-color has-text-color\"><strong>\u201cTenemos el privilegio y la responsabilidad de educar\u201d<\/strong><\/p>\n\n\n\n<p class=\"has-black-color has-text-color\">Fernanda Ortiz (27) y Salvador Tamayo (35), docentes de lenguaje y de f\u00edsica, respectivamente, se desempe\u00f1an en el Liceo Bicentenario Padre Alberto Hurtado Cruchaga de Pica, el cual cuenta con una coadministraci\u00f3n entre el municipio de la comuna, SNA Educa y la Fundaci\u00f3n Educacional Collahuasi.<\/p>\n\n\n\n<p class=\"has-black-color has-text-color\">Estos profesores se ganaron una pasant\u00eda a Madrid (Espa\u00f1a), con el fin de visualizar metodolog\u00edas activas tipo Aprendizaje Basado en Proyectos (ABP) y buenas pr\u00e1cticas pedag\u00f3gicas, de modo de fortalecer los aprendizajes de los docentes y la ense\u00f1anza hacia los alumnos.<\/p>\n\n\n\n<p class=\"has-black-color has-text-color\">Para Salvador, su desaf\u00edo profesional est\u00e1 en mejorar diariamente sus clases para promover el aprendizaje en ciencias exactas. \u201cUn buen logro ha sido combinar mis dos carreras y tratar de ense\u00f1ar contenidos interesantes. Esta pasant\u00eda nos permitir\u00e1 observar metodolog\u00edas de aprendizajes basadas en el hacer, en la experiencia real y no s\u00f3lo en lo te\u00f3rico, ya que desde hace un tiempo estamos trabajando con este tipo de ense\u00f1anzas\u201d, explica.<\/p>\n\n\n\n<p class=\"has-black-color has-text-color\">En esta tem\u00e1tica, ambos profesores se est\u00e1n capacitando desde mayo pasado con la consultora espa\u00f1ola Berta Jim\u00e9nez, quien es doctora en qu\u00edmica farmac\u00e9utica y especialista en dise\u00f1o de formaci\u00f3n en competencias y metodolog\u00edas activas de ense\u00f1anza de aprendizajes, perteneciente a un estudio en la Universidad Complutense de Madrid.<\/p>\n\n\n\n<p class=\"has-black-color has-text-color\">\u201cTenemos el privilegio y la responsabilidad de educar. El mayor logro es una suma de experiencias, que me han llevado a conseguir la valoraci\u00f3n de mis estudiantes y apoderados. Adem\u00e1s, amar mi profesi\u00f3n, sentirme orgullosa de ser profesora y privilegiada de tener una labor tan importante, que acarrea una gran responsabilidad. Al regreso, queremos compartir lo aprendido con nuestros colegas\u201d, se\u00f1ala Fernanda.<\/p>\n\n\n\n<p><\/p>\n\n\n\n<div class=\"wp-block-buttons is-layout-flex wp-block-buttons-is-layout-flex\">\n<div class=\"wp-block-button is-style-fill\"><a class=\"wp-block-button__link has-vivid-green-cyan-background-color has-background\" href=\"https:\/\/fundacioncollahuasi.cl\/web\/wp-content\/uploads\/2022\/10\/VALE.pdf\" target=\"_blank\" rel=\"noreferrer noopener\">Ver publicaci\u00f3n<\/a><\/div>\n<\/div>\n\n\n\n<figure class=\"wp-block-gallery has-nested-images columns-default is-cropped wp-block-gallery-1 is-layout-flex wp-block-gallery-is-layout-flex\">\n<figure class=\"wp-block-image size-large is-style-default\"><img decoding=\"async\" width=\"835\" height=\"1024\" data-id=\"1558\" data-src=\"https:\/\/fundacioncollahuasi.cl\/web\/wp-content\/uploads\/2022\/10\/844078-10-22-LEI-COLLAHUASI-M16C6-16-10-22MUESTRA-3-835x1024.jpg\" alt=\"\" class=\"wp-image-1558 lazyload\" src=\"data:image\/gif;base64,R0lGODlhAQABAAAAACH5BAEKAAEALAAAAAABAAEAAAICTAEAOw==\" style=\"--smush-placeholder-width: 835px; --smush-placeholder-aspect-ratio: 835\/1024;\" \/><\/figure>\n\n\n\n<figure class=\"wp-block-image size-large\"><img decoding=\"async\" width=\"461\" height=\"1024\" data-id=\"1557\" data-src=\"https:\/\/fundacioncollahuasi.cl\/web\/wp-content\/uploads\/2022\/10\/Fernanda-y-Salvador-LBP-461x1024.jpg\" alt=\"\" class=\"wp-image-1557 lazyload\" src=\"data:image\/gif;base64,R0lGODlhAQABAAAAACH5BAEKAAEALAAAAAABAAEAAAICTAEAOw==\" style=\"--smush-placeholder-width: 461px; --smush-placeholder-aspect-ratio: 461\/1024;\" \/><\/figure>\n\n\n\n<figure class=\"wp-block-image size-large\"><img decoding=\"async\" width=\"768\" height=\"1024\" data-id=\"1556\" data-src=\"https:\/\/fundacioncollahuasi.cl\/web\/wp-content\/uploads\/2022\/10\/Vi\u0301ctor-y-Fabiola-LBM-768x1024.jpg\" alt=\"\" class=\"wp-image-1556 lazyload\" data-srcset=\"https:\/\/fundacioncollahuasi.cl\/web\/wp-content\/uploads\/2022\/10\/Vi\u0301ctor-y-Fabiola-LBM-768x1024.jpg 768w, https:\/\/fundacioncollahuasi.cl\/web\/wp-content\/uploads\/2022\/10\/Vi\u0301ctor-y-Fabiola-LBM-225x300.jpg 225w, https:\/\/fundacioncollahuasi.cl\/web\/wp-content\/uploads\/2022\/10\/Vi\u0301ctor-y-Fabiola-LBM-1152x1536.jpg 1152w, https:\/\/fundacioncollahuasi.cl\/web\/wp-content\/uploads\/2022\/10\/Vi\u0301ctor-y-Fabiola-LBM-1080x1440.jpg 1080w, https:\/\/fundacioncollahuasi.cl\/web\/wp-content\/uploads\/2022\/10\/Vi\u0301ctor-y-Fabiola-LBM-980x1307.jpg 980w, https:\/\/fundacioncollahuasi.cl\/web\/wp-content\/uploads\/2022\/10\/Vi\u0301ctor-y-Fabiola-LBM-480x640.jpg 480w, https:\/\/fundacioncollahuasi.cl\/web\/wp-content\/uploads\/2022\/10\/Vi\u0301ctor-y-Fabiola-LBM.jpg 1200w\" data-sizes=\"(max-width: 768px) 100vw, 768px\" src=\"data:image\/gif;base64,R0lGODlhAQABAAAAACH5BAEKAAEALAAAAAABAAEAAAICTAEAOw==\" style=\"--smush-placeholder-width: 768px; --smush-placeholder-aspect-ratio: 768\/1024;\" \/><\/figure>\n<\/figure>\n","protected":false},"excerpt":{"rendered":"<p>Para Collahuasi y su Fundaci\u00f3n Educacional, las nuevas generaciones son el elemento m\u00e1s importante y constituyen la clave para el desarrollo de una sociedad mejor y mayores oportunidades. Por ello, la compa\u00f1\u00eda se proyecta en la formaci\u00f3n de j\u00f3venes con valores como el respeto, honestidad, responsabilidad, seguridad, reconocimiento y pasi\u00f3n por conocer el mundo laboral [&hellip;]<\/p>\n","protected":false},"author":2,"featured_media":1555,"comment_status":"open","ping_status":"open","sticky":false,"template":"","format":"standard","meta":{"_et_pb_use_builder":"off","_et_pb_old_content":"","_et_gb_content_width":"","footnotes":""},"categories":[11,14,16,18,23,10,20,19,9,12,13,17,22],"tags":[],"class_list":["post-1554","post","type-post","status-publish","format-standard","has-post-thumbnail","hentry","category-alto-hospicio","category-chanavayita","category-collahuasi","category-fundacion-collahuasi","category-iquique","category-liceo-jpii","category-mineduc-noticia","category-mineduc","category-noticia","category-pica","category-pozo-almonte","category-programa","category-reportaje"],"_links":{"self":[{"href":"https:\/\/fundacioncollahuasi.cl\/web\/wp-json\/wp\/v2\/posts\/1554","targetHints":{"allow":["GET"]}}],"collection":[{"href":"https:\/\/fundacioncollahuasi.cl\/web\/wp-json\/wp\/v2\/posts"}],"about":[{"href":"https:\/\/fundacioncollahuasi.cl\/web\/wp-json\/wp\/v2\/types\/post"}],"author":[{"embeddable":true,"href":"https:\/\/fundacioncollahuasi.cl\/web\/wp-json\/wp\/v2\/users\/2"}],"replies":[{"embeddable":true,"href":"https:\/\/fundacioncollahuasi.cl\/web\/wp-json\/wp\/v2\/comments?post=1554"}],"version-history":[{"count":4,"href":"https:\/\/fundacioncollahuasi.cl\/web\/wp-json\/wp\/v2\/posts\/1554\/revisions"}],"predecessor-version":[{"id":1566,"href":"https:\/\/fundacioncollahuasi.cl\/web\/wp-json\/wp\/v2\/posts\/1554\/revisions\/1566"}],"wp:featuredmedia":[{"embeddable":true,"href":"https:\/\/fundacioncollahuasi.cl\/web\/wp-json\/wp\/v2\/media\/1555"}],"wp:attachment":[{"href":"https:\/\/fundacioncollahuasi.cl\/web\/wp-json\/wp\/v2\/media?parent=1554"}],"wp:term":[{"taxonomy":"category","embeddable":true,"href":"https:\/\/fundacioncollahuasi.cl\/web\/wp-json\/wp\/v2\/categories?post=1554"},{"taxonomy":"post_tag","embeddable":true,"href":"https:\/\/fundacioncollahuasi.cl\/web\/wp-json\/wp\/v2\/tags?post=1554"}],"curies":[{"name":"wp","href":"https:\/\/api.w.org\/{rel}","templated":true}]}}